{"id":1645,"date":"2023-03-21T17:57:40","date_gmt":"2023-03-21T16:57:40","guid":{"rendered":"https:\/\/feuerwehr-rabenau.de\/wordpress\/?p=1645"},"modified":"2023-03-21T17:57:40","modified_gmt":"2023-03-21T16:57:40","slug":"geraetehauseinweihung-ofw-spechtritz","status":"publish","type":"post","link":"https:\/\/feuerwehr-rabenau.de\/wordpress\/2023\/03\/21\/geraetehauseinweihung-ofw-spechtritz\/","title":{"rendered":"Ger\u00e4tehauseinweihung OFW Spechtritz"},"content":{"rendered":"<p><span style=\"font-weight: 400;\">+++ Ger\u00e4tehauseinweihung der Ortswehr Spechtritz ? +++<\/span><\/p>\n<p><span style=\"font-weight: 400;\">Am vergangenen Samstagnachmittag konnten wir unseren Spechtritzer Kameraden zu ihrem neuen Ger\u00e4tehaus gratulieren &#8211; nach 150 Jahren ein Neubau. Zu diesem Anlass \u00fcbergaben alle \u00fcbrigen 5 Ortswehren der Gemeinde Rabenau ein gemeinsames Geschenk. Dem schlossen sich auch viele Wehren aus der n\u00e4heren Umgebung der Gemeinde Rabenau an. In der nahen Zukunft soll dieser Fortschritt durch ein neues Fahrzeug abgerundet werden. Wir freuen uns \u00fcber diesen Meilenstein f\u00fcr die Feuerwehr Spechtritz und auf weitere gute Zusammenarbeit &#8211; so wie in der Vergangenheit, als auch in der Zukunft!<\/span><\/p>\n<p><a href=\"https:\/\/feuerwehr-rabenau.de\/wordpress\/wp-content\/uploads\/2023\/03\/GH_Spechtritz_1-scaled.jpg\"><img fetchpriority=\"high\" decoding=\"async\" class=\"aligncenter wp-image-1642 size-large\" src=\"https:\/\/feuerwehr-rabenau.de\/wordpress\/wp-content\/uploads\/2023\/03\/GH_Spechtritz_1-1024x768.jpg\" alt=\"\" width=\"1024\" height=\"768\" srcset=\"https:\/\/feuerwehr-rabenau.de\/wordpress\/wp-content\/uploads\/2023\/03\/GH_Spechtritz_1-1024x768.jpg 1024w, https:\/\/feuerwehr-rabenau.de\/wordpress\/wp-content\/uploads\/2023\/03\/GH_Spechtritz_1-300x225.jpg 300w, https:\/\/feuerwehr-rabenau.de\/wordpress\/wp-content\/uploads\/2023\/03\/GH_Spechtritz_1-768x576.jpg 768w, https:\/\/feuerwehr-rabenau.de\/wordpress\/wp-content\/uploads\/2023\/03\/GH_Spechtritz_1-1536x1152.jpg 1536w, https:\/\/feuerwehr-rabenau.de\/wordpress\/wp-content\/uploads\/2023\/03\/GH_Spechtritz_1-2048x1536.jpg 2048w\" sizes=\"(max-width: 1024px) 100vw, 1024px\" \/><\/a><a href=\"https:\/\/feuerwehr-rabenau.de\/wordpress\/wp-content\/uploads\/2023\/03\/GH_Spechtritz_2-scaled.jpg\"><img decoding=\"async\" class=\"aligncenter wp-image-1643 size-large\" src=\"https:\/\/feuerwehr-rabenau.de\/wordpress\/wp-content\/uploads\/2023\/03\/GH_Spechtritz_2-768x1024.jpg\" alt=\"\" width=\"768\" height=\"1024\" srcset=\"https:\/\/feuerwehr-rabenau.de\/wordpress\/wp-content\/uploads\/2023\/03\/GH_Spechtritz_2-768x1024.jpg 768w, https:\/\/feuerwehr-rabenau.de\/wordpress\/wp-content\/uploads\/2023\/03\/GH_Spechtritz_2-225x300.jpg 225w, https:\/\/feuerwehr-rabenau.de\/wordpress\/wp-content\/uploads\/2023\/03\/GH_Spechtritz_2-1152x1536.jpg 1152w, https:\/\/feuerwehr-rabenau.de\/wordpress\/wp-content\/uploads\/2023\/03\/GH_Spechtritz_2-1536x2048.jpg 1536w, https:\/\/feuerwehr-rabenau.de\/wordpress\/wp-content\/uploads\/2023\/03\/GH_Spechtritz_2-scaled.jpg 1920w\" sizes=\"(max-width: 768px) 100vw, 768px\" \/><\/a><a href=\"https:\/\/feuerwehr-rabenau.de\/wordpress\/wp-content\/uploads\/2023\/03\/GH_Spechtritz_3-scaled.jpg\"><img decoding=\"async\" class=\"aligncenter wp-image-1644 size-large\" src=\"https:\/\/feuerwehr-rabenau.de\/wordpress\/wp-content\/uploads\/2023\/03\/GH_Spechtritz_3-1024x768.jpg\" alt=\"\" width=\"1024\" height=\"768\" srcset=\"https:\/\/feuerwehr-rabenau.de\/wordpress\/wp-content\/uploads\/2023\/03\/GH_Spechtritz_3-1024x768.jpg 1024w, https:\/\/feuerwehr-rabenau.de\/wordpress\/wp-content\/uploads\/2023\/03\/GH_Spechtritz_3-300x225.jpg 300w, https:\/\/feuerwehr-rabenau.de\/wordpress\/wp-content\/uploads\/2023\/03\/GH_Spechtritz_3-768x576.jpg 768w, https:\/\/feuerwehr-rabenau.de\/wordpress\/wp-content\/uploads\/2023\/03\/GH_Spechtritz_3-1536x1152.jpg 1536w, https:\/\/feuerwehr-rabenau.de\/wordpress\/wp-content\/uploads\/2023\/03\/GH_Spechtritz_3-2048x1536.jpg 2048w\" sizes=\"(max-width: 1024px) 100vw, 1024px\" \/><\/a><\/p>\n","protected":false},"excerpt":{"rendered":"<p>+++ Ger\u00e4tehauseinweihung der Ortswehr Spechtritz ? +++ Am vergangenen Samstagnachmittag konnten wir unseren Spechtritzer Kameraden zu ihrem neuen Ger\u00e4tehaus gratulieren &#8211; nach 150 Jahren ein Neubau. Zu diesem Anlass \u00fcbergaben&hellip;<\/p>\n","protected":false},"author":2,"featured_media":1642,"comment_status":"closed","ping_status":"open","sticky":false,"template":"","format":"standard","meta":{"cybocfi_hide_featured_image":"","footnotes":""},"categories":[1],"tags":[],"class_list":["post-1645","post","type-post","status-publish","format-standard","has-post-thumbnail","hentry","category-allgemein","category-1","description-off"],"_links":{"self":[{"href":"https:\/\/feuerwehr-rabenau.de\/wordpress\/wp-json\/wp\/v2\/posts\/1645","targetHints":{"allow":["GET"]}}],"collection":[{"href":"https:\/\/feuerwehr-rabenau.de\/wordpress\/wp-json\/wp\/v2\/posts"}],"about":[{"href":"https:\/\/feuerwehr-rabenau.de\/wordpress\/wp-json\/wp\/v2\/types\/post"}],"author":[{"embeddable":true,"href":"https:\/\/feuerwehr-rabenau.de\/wordpress\/wp-json\/wp\/v2\/users\/2"}],"replies":[{"embeddable":true,"href":"https:\/\/feuerwehr-rabenau.de\/wordpress\/wp-json\/wp\/v2\/comments?post=1645"}],"version-history":[{"count":1,"href":"https:\/\/feuerwehr-rabenau.de\/wordpress\/wp-json\/wp\/v2\/posts\/1645\/revisions"}],"predecessor-version":[{"id":1646,"href":"https:\/\/feuerwehr-rabenau.de\/wordpress\/wp-json\/wp\/v2\/posts\/1645\/revisions\/1646"}],"wp:featuredmedia":[{"embeddable":true,"href":"https:\/\/feuerwehr-rabenau.de\/wordpress\/wp-json\/wp\/v2\/media\/1642"}],"wp:attachment":[{"href":"https:\/\/feuerwehr-rabenau.de\/wordpress\/wp-json\/wp\/v2\/media?parent=1645"}],"wp:term":[{"taxonomy":"category","embeddable":true,"href":"https:\/\/feuerwehr-rabenau.de\/wordpress\/wp-json\/wp\/v2\/categories?post=1645"},{"taxonomy":"post_tag","embeddable":true,"href":"https:\/\/feuerwehr-rabenau.de\/wordpress\/wp-json\/wp\/v2\/tags?post=1645"}],"curies":[{"name":"wp","href":"https:\/\/api.w.org\/{rel}","templated":true}]}}